{"id":1129,"date":"2025-11-09T14:00:54","date_gmt":"2025-11-09T14:00:54","guid":{"rendered":"https:\/\/ankadanismanlikltd.com\/?p=1129"},"modified":"2025-11-09T14:00:56","modified_gmt":"2025-11-09T14:00:56","slug":"paketleme-ve-biyojenik-karbon-nasil-raporlanir-2","status":"publish","type":"post","link":"https:\/\/ankadanismanlikltd.com\/en\/2025\/11\/09\/paketleme-ve-biyojenik-karbon-nasil-raporlanir-2\/","title":{"rendered":"Paketleme ve Biyojenik Karbon Nas\u0131l Raporlan\u0131r?"},"content":{"rendered":"<h2 class=\"wp-block-heading\"><\/h2>\n\n\n\n<h3 class=\"wp-block-heading\">ANKA Dan\u0131\u015fmanl\u0131k ile \u015eeffaf ve Bilimsel Raporlama S\u00fcre\u00e7leri<\/h3>\n\n\n\n<p>S\u00fcrd\u00fcr\u00fclebilirlik hedefleri art\u0131k yaln\u0131zca \u00e7evre politikalar\u0131n\u0131n bir par\u00e7as\u0131 de\u011fil; i\u015fletmelerin rekabet g\u00fcc\u00fcn\u00fc belirleyen temel unsurlardan biri haline geldi.<br>\u00d6zellikle&nbsp;<strong>paketleme s\u00fcre\u00e7leri<\/strong>&nbsp;and&nbsp;<strong>biyojenik karbon emisyonlar\u0131<\/strong>, \u00e7evresel beyan (EPD) veya <a href=\"https:\/\/energy-ec-europa-eu.translate.goog\/topics\/carbon-management-and-fossil-fuels\/industrial-carbon-management_en?_x_tr_sl=en&amp;_x_tr_tl=tr&amp;_x_tr_hl=tr&amp;_x_tr_pto=tc\">karbon ayak izi<\/a> raporlar\u0131nda kritik rol oynar.<br>Peki bu verileri nas\u0131l do\u011fru bi\u00e7imde raporlars\u0131n\u0131z? ANKA Dan\u0131\u015fmanl\u0131k, bu s\u00fcreci ad\u0131m ad\u0131m y\u00f6netir ve firmalara bilimsel do\u011frulukta raporlar sunar.<\/p>\n\n\n\n<hr class=\"wp-block-separator has-alpha-channel-opacity\"\/>\n\n\n\n<h3 class=\"wp-block-heading\">1. Paketleme Verilerinin Do\u011fru Toplanmas\u0131<\/h3>\n\n\n\n<p>Raporlama s\u00fcreci, do\u011fru veri toplamakla ba\u015flar.<br>ANKA Dan\u0131\u015fmanl\u0131k ekibi, kullan\u0131lan&nbsp;<strong>ambalaj malzemelerinin t\u00fcr\u00fcn\u00fc<\/strong>,&nbsp;<strong>a\u011f\u0131rl\u0131\u011f\u0131n\u0131<\/strong>,&nbsp;<strong>geri d\u00f6n\u00fc\u015f\u00fcm oranlar\u0131n\u0131<\/strong>&nbsp;and&nbsp;<strong>ula\u015f\u0131m mesafelerini<\/strong>&nbsp;analiz eder.<br>Bu veriler,&nbsp;<strong>ISO 14067<\/strong>&nbsp;and&nbsp;<strong>EN 15804<\/strong>&nbsp;standartlar\u0131na g\u00f6re d\u00fczenlenir.<br>Ama\u00e7, ambalaj\u0131n ya\u015fam d\u00f6ng\u00fcs\u00fc boyunca olu\u015fan \u00e7evresel etkileri say\u0131sal olarak ortaya koymakt\u0131r.<\/p>\n\n\n\n<p>\ud83d\udd39&nbsp;<em>Ge\u00e7i\u015f<\/em>: Bu sayede, i\u015fletme hangi noktada iyile\u015ftirme yapabilece\u011fini net bi\u00e7imde g\u00f6r\u00fcr.<\/p>\n\n\n\n<hr class=\"wp-block-separator has-alpha-channel-opacity\"\/>\n\n\n\n<h3 class=\"wp-block-heading\">2. Biyojenik Karbonun Hesaplanmas\u0131<\/h3>\n\n\n\n<p>Biyojenik karbon, bitkisel veya organik kaynakl\u0131 malzemelerde depolanan karbonu ifade eder.<br>\u00d6rne\u011fin; ah\u015fap paletler, k\u00e2\u011f\u0131t bazl\u0131 ambalajlar veya bitki kaynakl\u0131 plastikler biyojenik karbon i\u00e7erir.<br>ANKA Dan\u0131\u015fmanl\u0131k, bu karbon miktar\u0131n\u0131&nbsp;<strong>karbon tutumu (sequestration)<\/strong>&nbsp;olarak hesaplar ve ya\u015fam d\u00f6ng\u00fcs\u00fc analizine (LCA) dahil eder.<\/p>\n\n\n\n<p>\ud83d\udd39&nbsp;<em>Ge\u00e7i\u015f<\/em>: B\u00f6ylece, firman\u0131n raporu yaln\u0131zca emisyonlar\u0131 de\u011fil, ayn\u0131 zamanda karbon depolama potansiyelini de g\u00f6sterir.<\/p>\n\n\n\n<hr class=\"wp-block-separator has-alpha-channel-opacity\"\/>\n\n\n\n<h3 class=\"wp-block-heading\">3. Raporlama Format\u0131 ve Standartlar<\/h3>\n\n\n\n<p>T\u00fcm veriler,&nbsp;<strong>ISO 14064-1<\/strong>,&nbsp;<strong>GHG Protocol<\/strong>&nbsp;and&nbsp;<strong>EN 15804+A2<\/strong>&nbsp;\u00e7er\u00e7evesinde raporlan\u0131r.<br>ANKA Dan\u0131\u015fmanl\u0131k, her proje i\u00e7in \u00f6zel bir metodoloji geli\u015ftirir ve t\u00fcm sonu\u00e7lar\u0131 do\u011frulanabilir formatta sunar.<br>Raporlar;<\/p>\n\n\n\n<ul class=\"wp-block-list\">\n<li>Paketleme a\u015famas\u0131nda olu\u015fan karbon ayak izi,<\/li>\n\n\n\n<li>Biyojenik karbonun katk\u0131s\u0131,<\/li>\n\n\n\n<li>Geri d\u00f6n\u00fc\u015f\u00fcm senaryolar\u0131 ve<\/li>\n\n\n\n<li>Son olarak \u00dcr\u00fcn ya\u015fam d\u00f6ng\u00fcs\u00fc etkilerini i\u00e7erir.<\/li>\n<\/ul>\n\n\n\n<p>\ud83d\udd39&nbsp;<em>Ge\u00e7i\u015f<\/em>: Bu yap\u0131, firman\u0131n hem&nbsp;<strong>EPD<\/strong>&nbsp;hem&nbsp;<strong>kurumsal s\u00fcrd\u00fcr\u00fclebilirlik raporlamas\u0131nda (CSR)<\/strong>&nbsp;ayn\u0131 verileri kullanmas\u0131n\u0131 kolayla\u015ft\u0131r\u0131r.<\/p>\n\n\n\n<hr class=\"wp-block-separator has-alpha-channel-opacity\"\/>\n\n\n\n<h3 class=\"wp-block-heading\">4. Do\u011frulama ve \u015eeffafl\u0131k<\/h3>\n\n\n\n<p>Raporlama yaln\u0131zca hesaplama de\u011fildir; ayn\u0131 zamanda g\u00fcvenilirlik s\u00fcrecidir.<br>ANKA Dan\u0131\u015fmanl\u0131k, ba\u011f\u0131ms\u0131z do\u011frulama kurulu\u015flar\u0131yla i\u015f birli\u011fi yapar ve sonu\u00e7lar\u0131n uluslararas\u0131 ge\u00e7erlili\u011fini sa\u011flar.<br>Bu yakla\u015f\u0131m, m\u00fc\u015fterilerin hem i\u00e7 denetimlerde hem de d\u0131\u015f de\u011ferlendirmelerde g\u00fcvenilir sonu\u00e7lar elde etmesine yard\u0131mc\u0131 olur.<\/p>\n\n\n\n<hr class=\"wp-block-separator has-alpha-channel-opacity\"\/>\n\n\n\n<h3 class=\"wp-block-heading\">Sonu\u00e7: \u015eeffafl\u0131k, G\u00fcven ve S\u00fcrd\u00fcr\u00fclebilirlik<\/h3>\n\n\n\n<p>Bu sayede Paketleme ve biyojenik karbon raporlamas\u0131, sadece say\u0131sal bir \u00e7al\u0131\u015fma de\u011fil, kurumsal sorumlulu\u011fun g\u00f6stergesidir.<br><a href=\"http:\/\/ankadanismanlikltd.com\/en\/\">ANKA Dan\u0131\u015fmanl\u0131k<\/a>, her raporu bilimsel temele dayand\u0131r\u0131r, uluslararas\u0131 standartlarla uyumlu hale getirir ve markalara s\u00fcrd\u00fcr\u00fclebilirlik yolculu\u011funda g\u00fcven kazand\u0131r\u0131r.<\/p>","protected":false},"excerpt":{"rendered":"<p>ANKA Dan\u0131\u015fmanl\u0131k ile \u015eeffaf ve Bilimsel Raporlama S\u00fcre\u00e7leri S\u00fcrd\u00fcr\u00fclebilirlik hedefleri art\u0131k yaln\u0131zca \u00e7evre politikalar\u0131n\u0131n bir par\u00e7as\u0131 de\u011fil; i\u015fletmelerin rekabet g\u00fcc\u00fcn\u00fc belirleyen temel unsurlardan biri haline geldi.\u00d6zellikle&nbsp;paketleme s\u00fcre\u00e7leri&nbsp;ve&nbsp;biyojenik karbon emisyonlar\u0131, \u00e7evresel beyan (EPD) veya karbon ayak izi raporlar\u0131nda kritik rol oynar.Peki bu verileri nas\u0131l do\u011fru bi\u00e7imde raporlars\u0131n\u0131z? ANKA Dan\u0131\u015fmanl\u0131k, bu s\u00fcreci ad\u0131m ad\u0131m y\u00f6netir ve firmalara bilimsel do\u011frulukta raporlar sunar. 1. Paketleme Verilerinin Do\u011fru Toplanmas\u0131 Raporlama s\u00fcreci, do\u011fru veri toplamakla ba\u015flar.ANKA[&hellip;]<\/p>","protected":false},"author":1,"featured_media":0,"comment_status":"open","ping_status":"open","sticky":false,"template":"","format":"standard","meta":{"_acf_changed":false,"footnotes":""},"categories":[1],"tags":[],"class_list":["post-1129","post","type-post","status-publish","format-standard","hentry","category-anka-danismanlik"],"acf":[],"yoast_head":"<!-- This site is optimized with the Yoast SEO plugin v25.9 - https:\/\/yoast.com\/wordpress\/plugins\/seo\/ -->\n<title>Paketleme ve Biyojenik Karbon Nas\u0131l Raporlan\u0131r Anka Dan\u0131\u015fmanl\u0131k<\/title>\n<meta name=\"description\" content=\"Paketleme ve biyojenik karbon nas\u0131l raporlan\u0131r?ANKA Dan\u0131\u015fmanl\u0131k, uygun \u015fekilde ambalaj ve biyojenik karbon raporlamas\u0131nda \u00e7\u00f6z\u00fcmler sunar.\" \/>\n<meta name=\"robots\" content=\"index, follow, max-snippet:-1, max-image-preview:large, max-video-preview:-1\" \/>\n<link rel=\"canonical\" href=\"http:\/\/ankadanismanlikltd.com\/en\/2025\/11\/09\/paketleme-ve-biyojenik-karbon-nasil-raporlanir-2\/\" \/>\n<meta property=\"og:locale\" content=\"en_US\" \/>\n<meta property=\"og:type\" content=\"article\" \/>\n<meta property=\"og:title\" content=\"Paketleme ve Biyojenik Karbon Nas\u0131l Raporlan\u0131r Anka Dan\u0131\u015fmanl\u0131k\" \/>\n<meta property=\"og:description\" content=\"Paketleme ve biyojenik karbon nas\u0131l raporlan\u0131r?ANKA Dan\u0131\u015fmanl\u0131k, uygun \u015fekilde ambalaj ve biyojenik karbon raporlamas\u0131nda \u00e7\u00f6z\u00fcmler sunar.\" \/>\n<meta property=\"og:url\" content=\"http:\/\/ankadanismanlikltd.com\/en\/2025\/11\/09\/paketleme-ve-biyojenik-karbon-nasil-raporlanir-2\/\" \/>\n<meta property=\"og:site_name\" content=\"Anka Dan\u0131\u015fmanl\u0131k\" \/>\n<meta property=\"article:publisher\" content=\"https:\/\/www.facebook.com\/ankadanismanlik\" \/>\n<meta property=\"article:published_time\" content=\"2025-11-09T14:00:54+00:00\" \/>\n<meta property=\"article:modified_time\" content=\"2025-11-09T14:00:56+00:00\" \/>\n<meta name=\"author\" content=\"admin\" \/>\n<meta name=\"twitter:card\" content=\"summary_large_image\" \/>\n<meta name=\"twitter:creator\" content=\"@ankaconsultancy\" \/>\n<meta name=\"twitter:site\" content=\"@ankaconsultancy\" \/>\n<meta name=\"twitter:label1\" content=\"Written by\" \/>\n\t<meta name=\"twitter:data1\" content=\"admin\" \/>\n\t<meta name=\"twitter:label2\" content=\"Est. reading time\" \/>\n\t<meta name=\"twitter:data2\" content=\"2 minutes\" \/>\n<script type=\"application\/ld+json\" class=\"yoast-schema-graph\">{\"@context\":\"https:\/\/schema.org\",\"@graph\":[{\"@type\":\"Article\",\"@id\":\"http:\/\/ankadanismanlikltd.com\/en\/2025\/11\/09\/paketleme-ve-biyojenik-karbon-nasil-raporlanir-2\/#article\",\"isPartOf\":{\"@id\":\"http:\/\/ankadanismanlikltd.com\/en\/2025\/11\/09\/paketleme-ve-biyojenik-karbon-nasil-raporlanir-2\/\"},\"author\":{\"name\":\"admin\",\"@id\":\"http:\/\/ankadanismanlikltd.com\/#\/schema\/person\/af4b4e0c8550280cb11a30565e7bb1be\"},\"headline\":\"Paketleme ve Biyojenik Karbon Nas\u0131l Raporlan\u0131r?\",\"datePublished\":\"2025-11-09T14:00:54+00:00\",\"dateModified\":\"2025-11-09T14:00:56+00:00\",\"mainEntityOfPage\":{\"@id\":\"http:\/\/ankadanismanlikltd.com\/en\/2025\/11\/09\/paketleme-ve-biyojenik-karbon-nasil-raporlanir-2\/\"},\"wordCount\":514,\"commentCount\":0,\"publisher\":{\"@id\":\"http:\/\/ankadanismanlikltd.com\/#organization\"},\"articleSection\":[\"Anka Dan\u0131\u015fmanl\u0131k\"],\"inLanguage\":\"en-US\",\"potentialAction\":[{\"@type\":\"CommentAction\",\"name\":\"Comment\",\"target\":[\"http:\/\/ankadanismanlikltd.com\/en\/2025\/11\/09\/paketleme-ve-biyojenik-karbon-nasil-raporlanir-2\/#respond\"]}]},{\"@type\":\"WebPage\",\"@id\":\"http:\/\/ankadanismanlikltd.com\/en\/2025\/11\/09\/paketleme-ve-biyojenik-karbon-nasil-raporlanir-2\/\",\"url\":\"http:\/\/ankadanismanlikltd.com\/en\/2025\/11\/09\/paketleme-ve-biyojenik-karbon-nasil-raporlanir-2\/\",\"name\":\"Paketleme ve Biyojenik Karbon Nas\u0131l Raporlan\u0131r Anka Dan\u0131\u015fmanl\u0131k\",\"isPartOf\":{\"@id\":\"http:\/\/ankadanismanlikltd.com\/#website\"},\"datePublished\":\"2025-11-09T14:00:54+00:00\",\"dateModified\":\"2025-11-09T14:00:56+00:00\",\"description\":\"Paketleme ve biyojenik karbon nas\u0131l raporlan\u0131r?ANKA Dan\u0131\u015fmanl\u0131k, uygun \u015fekilde ambalaj ve biyojenik karbon raporlamas\u0131nda \u00e7\u00f6z\u00fcmler sunar.\",\"breadcrumb\":{\"@id\":\"http:\/\/ankadanismanlikltd.com\/en\/2025\/11\/09\/paketleme-ve-biyojenik-karbon-nasil-raporlanir-2\/#breadcrumb\"},\"inLanguage\":\"en-US\",\"potentialAction\":[{\"@type\":\"ReadAction\",\"target\":[\"http:\/\/ankadanismanlikltd.com\/en\/2025\/11\/09\/paketleme-ve-biyojenik-karbon-nasil-raporlanir-2\/\"]}]},{\"@type\":\"BreadcrumbList\",\"@id\":\"http:\/\/ankadanismanlikltd.com\/en\/2025\/11\/09\/paketleme-ve-biyojenik-karbon-nasil-raporlanir-2\/#breadcrumb\",\"itemListElement\":[{\"@type\":\"ListItem\",\"position\":1,\"name\":\"Anasayfa\",\"item\":\"http:\/\/ankadanismanlikltd.com\/\"},{\"@type\":\"ListItem\",\"position\":2,\"name\":\"Paketleme ve Biyojenik Karbon Nas\u0131l Raporlan\u0131r?\"}]},{\"@type\":\"WebSite\",\"@id\":\"http:\/\/ankadanismanlikltd.com\/#website\",\"url\":\"http:\/\/ankadanismanlikltd.com\/\",\"name\":\"Anka Dan\u0131\u015fmanl\u0131k\",\"description\":\"\",\"publisher\":{\"@id\":\"http:\/\/ankadanismanlikltd.com\/#organization\"},\"potentialAction\":[{\"@type\":\"SearchAction\",\"target\":{\"@type\":\"EntryPoint\",\"urlTemplate\":\"http:\/\/ankadanismanlikltd.com\/?s={search_term_string}\"},\"query-input\":{\"@type\":\"PropertyValueSpecification\",\"valueRequired\":true,\"valueName\":\"search_term_string\"}}],\"inLanguage\":\"en-US\"},{\"@type\":\"Organization\",\"@id\":\"http:\/\/ankadanismanlikltd.com\/#organization\",\"name\":\"ANKA Dan\u0131\u015fmanl\u0131k\",\"url\":\"http:\/\/ankadanismanlikltd.com\/\",\"logo\":{\"@type\":\"ImageObject\",\"inLanguage\":\"en-US\",\"@id\":\"http:\/\/ankadanismanlikltd.com\/#\/schema\/logo\/image\/\",\"url\":\"https:\/\/ankadanismanlikltd.com\/wp-content\/uploads\/2025\/03\/yeni-logo.jpg\",\"contentUrl\":\"https:\/\/ankadanismanlikltd.com\/wp-content\/uploads\/2025\/03\/yeni-logo.jpg\",\"width\":623,\"height\":630,\"caption\":\"ANKA Dan\u0131\u015fmanl\u0131k\"},\"image\":{\"@id\":\"http:\/\/ankadanismanlikltd.com\/#\/schema\/logo\/image\/\"},\"sameAs\":[\"https:\/\/www.facebook.com\/ankadanismanlik\",\"https:\/\/x.com\/ankaconsultancy\",\"https:\/\/www.linkedin.com\/company\/ankadanismanlik\",\"https:\/\/www.youtube.com\/@ANKADanmanlk.official\",\"https:\/\/www.instagram.com\/ankadanismanlik.tr?igsh=MXZ6OXMyd3k2MW5zbA&utm_source=qr\"]},{\"@type\":\"Person\",\"@id\":\"http:\/\/ankadanismanlikltd.com\/#\/schema\/person\/af4b4e0c8550280cb11a30565e7bb1be\",\"name\":\"admin\",\"image\":{\"@type\":\"ImageObject\",\"inLanguage\":\"en-US\",\"@id\":\"http:\/\/ankadanismanlikltd.com\/#\/schema\/person\/image\/\",\"url\":\"https:\/\/secure.gravatar.com\/avatar\/c887dbcac8ba88419e4c2bec9e2e4bafc660e0d37f5c2e67d046b1fcb2d59d36?s=96&d=mm&r=g\",\"contentUrl\":\"https:\/\/secure.gravatar.com\/avatar\/c887dbcac8ba88419e4c2bec9e2e4bafc660e0d37f5c2e67d046b1fcb2d59d36?s=96&d=mm&r=g\",\"caption\":\"admin\"},\"sameAs\":[\"http:\/\/ankadanismanlikltd.com\"],\"url\":\"https:\/\/ankadanismanlikltd.com\/en\/author\/admin\/\"}]}<\/script>\n<!-- \/ Yoast SEO plugin. -->","yoast_head_json":{"title":"Paketleme ve Biyojenik Karbon Nas\u0131l Raporlan\u0131r Anka Dan\u0131\u015fmanl\u0131k","description":"Paketleme ve biyojenik karbon nas\u0131l raporlan\u0131r?ANKA Dan\u0131\u015fmanl\u0131k, uygun \u015fekilde ambalaj ve biyojenik karbon raporlamas\u0131nda \u00e7\u00f6z\u00fcmler sunar.","robots":{"index":"index","follow":"follow","max-snippet":"max-snippet:-1","max-image-preview":"max-image-preview:large","max-video-preview":"max-video-preview:-1"},"canonical":"http:\/\/ankadanismanlikltd.com\/en\/2025\/11\/09\/paketleme-ve-biyojenik-karbon-nasil-raporlanir-2\/","og_locale":"en_US","og_type":"article","og_title":"Paketleme ve Biyojenik Karbon Nas\u0131l Raporlan\u0131r Anka Dan\u0131\u015fmanl\u0131k","og_description":"Paketleme ve biyojenik karbon nas\u0131l raporlan\u0131r?ANKA Dan\u0131\u015fmanl\u0131k, uygun \u015fekilde ambalaj ve biyojenik karbon raporlamas\u0131nda \u00e7\u00f6z\u00fcmler sunar.","og_url":"http:\/\/ankadanismanlikltd.com\/en\/2025\/11\/09\/paketleme-ve-biyojenik-karbon-nasil-raporlanir-2\/","og_site_name":"Anka Dan\u0131\u015fmanl\u0131k","article_publisher":"https:\/\/www.facebook.com\/ankadanismanlik","article_published_time":"2025-11-09T14:00:54+00:00","article_modified_time":"2025-11-09T14:00:56+00:00","author":"admin","twitter_card":"summary_large_image","twitter_creator":"@ankaconsultancy","twitter_site":"@ankaconsultancy","twitter_misc":{"Written by":"admin","Est. reading time":"2 minutes"},"schema":{"@context":"https:\/\/schema.org","@graph":[{"@type":"Article","@id":"http:\/\/ankadanismanlikltd.com\/en\/2025\/11\/09\/paketleme-ve-biyojenik-karbon-nasil-raporlanir-2\/#article","isPartOf":{"@id":"http:\/\/ankadanismanlikltd.com\/en\/2025\/11\/09\/paketleme-ve-biyojenik-karbon-nasil-raporlanir-2\/"},"author":{"name":"admin","@id":"http:\/\/ankadanismanlikltd.com\/#\/schema\/person\/af4b4e0c8550280cb11a30565e7bb1be"},"headline":"Paketleme ve Biyojenik Karbon Nas\u0131l Raporlan\u0131r?","datePublished":"2025-11-09T14:00:54+00:00","dateModified":"2025-11-09T14:00:56+00:00","mainEntityOfPage":{"@id":"http:\/\/ankadanismanlikltd.com\/en\/2025\/11\/09\/paketleme-ve-biyojenik-karbon-nasil-raporlanir-2\/"},"wordCount":514,"commentCount":0,"publisher":{"@id":"http:\/\/ankadanismanlikltd.com\/#organization"},"articleSection":["Anka Dan\u0131\u015fmanl\u0131k"],"inLanguage":"en-US","potentialAction":[{"@type":"CommentAction","name":"Comment","target":["http:\/\/ankadanismanlikltd.com\/en\/2025\/11\/09\/paketleme-ve-biyojenik-karbon-nasil-raporlanir-2\/#respond"]}]},{"@type":"WebPage","@id":"http:\/\/ankadanismanlikltd.com\/en\/2025\/11\/09\/paketleme-ve-biyojenik-karbon-nasil-raporlanir-2\/","url":"http:\/\/ankadanismanlikltd.com\/en\/2025\/11\/09\/paketleme-ve-biyojenik-karbon-nasil-raporlanir-2\/","name":"Paketleme ve Biyojenik Karbon Nas\u0131l Raporlan\u0131r Anka Dan\u0131\u015fmanl\u0131k","isPartOf":{"@id":"http:\/\/ankadanismanlikltd.com\/#website"},"datePublished":"2025-11-09T14:00:54+00:00","dateModified":"2025-11-09T14:00:56+00:00","description":"Paketleme ve biyojenik karbon nas\u0131l raporlan\u0131r?ANKA Dan\u0131\u015fmanl\u0131k, uygun \u015fekilde ambalaj ve biyojenik karbon raporlamas\u0131nda \u00e7\u00f6z\u00fcmler sunar.","breadcrumb":{"@id":"http:\/\/ankadanismanlikltd.com\/en\/2025\/11\/09\/paketleme-ve-biyojenik-karbon-nasil-raporlanir-2\/#breadcrumb"},"inLanguage":"en-US","potentialAction":[{"@type":"ReadAction","target":["http:\/\/ankadanismanlikltd.com\/en\/2025\/11\/09\/paketleme-ve-biyojenik-karbon-nasil-raporlanir-2\/"]}]},{"@type":"BreadcrumbList","@id":"http:\/\/ankadanismanlikltd.com\/en\/2025\/11\/09\/paketleme-ve-biyojenik-karbon-nasil-raporlanir-2\/#breadcrumb","itemListElement":[{"@type":"ListItem","position":1,"name":"Anasayfa","item":"http:\/\/ankadanismanlikltd.com\/"},{"@type":"ListItem","position":2,"name":"Paketleme ve Biyojenik Karbon Nas\u0131l Raporlan\u0131r?"}]},{"@type":"WebSite","@id":"http:\/\/ankadanismanlikltd.com\/#website","url":"http:\/\/ankadanismanlikltd.com\/","name":"Anka Dan\u0131\u015fmanl\u0131k","description":"","publisher":{"@id":"http:\/\/ankadanismanlikltd.com\/#organization"},"potentialAction":[{"@type":"SearchAction","target":{"@type":"EntryPoint","urlTemplate":"http:\/\/ankadanismanlikltd.com\/?s={search_term_string}"},"query-input":{"@type":"PropertyValueSpecification","valueRequired":true,"valueName":"search_term_string"}}],"inLanguage":"en-US"},{"@type":"Organization","@id":"http:\/\/ankadanismanlikltd.com\/#organization","name":"ANKA Dan\u0131\u015fmanl\u0131k","url":"http:\/\/ankadanismanlikltd.com\/","logo":{"@type":"ImageObject","inLanguage":"en-US","@id":"http:\/\/ankadanismanlikltd.com\/#\/schema\/logo\/image\/","url":"https:\/\/ankadanismanlikltd.com\/wp-content\/uploads\/2025\/03\/yeni-logo.jpg","contentUrl":"https:\/\/ankadanismanlikltd.com\/wp-content\/uploads\/2025\/03\/yeni-logo.jpg","width":623,"height":630,"caption":"ANKA Dan\u0131\u015fmanl\u0131k"},"image":{"@id":"http:\/\/ankadanismanlikltd.com\/#\/schema\/logo\/image\/"},"sameAs":["https:\/\/www.facebook.com\/ankadanismanlik","https:\/\/x.com\/ankaconsultancy","https:\/\/www.linkedin.com\/company\/ankadanismanlik","https:\/\/www.youtube.com\/@ANKADanmanlk.official","https:\/\/www.instagram.com\/ankadanismanlik.tr?igsh=MXZ6OXMyd3k2MW5zbA&utm_source=qr"]},{"@type":"Person","@id":"http:\/\/ankadanismanlikltd.com\/#\/schema\/person\/af4b4e0c8550280cb11a30565e7bb1be","name":"admin","image":{"@type":"ImageObject","inLanguage":"en-US","@id":"http:\/\/ankadanismanlikltd.com\/#\/schema\/person\/image\/","url":"https:\/\/secure.gravatar.com\/avatar\/c887dbcac8ba88419e4c2bec9e2e4bafc660e0d37f5c2e67d046b1fcb2d59d36?s=96&d=mm&r=g","contentUrl":"https:\/\/secure.gravatar.com\/avatar\/c887dbcac8ba88419e4c2bec9e2e4bafc660e0d37f5c2e67d046b1fcb2d59d36?s=96&d=mm&r=g","caption":"admin"},"sameAs":["http:\/\/ankadanismanlikltd.com"],"url":"https:\/\/ankadanismanlikltd.com\/en\/author\/admin\/"}]}},"_links":{"self":[{"href":"https:\/\/ankadanismanlikltd.com\/en\/wp-json\/wp\/v2\/posts\/1129","targetHints":{"allow":["GET"]}}],"collection":[{"href":"https:\/\/ankadanismanlikltd.com\/en\/wp-json\/wp\/v2\/posts"}],"about":[{"href":"https:\/\/ankadanismanlikltd.com\/en\/wp-json\/wp\/v2\/types\/post"}],"author":[{"embeddable":true,"href":"https:\/\/ankadanismanlikltd.com\/en\/wp-json\/wp\/v2\/users\/1"}],"replies":[{"embeddable":true,"href":"https:\/\/ankadanismanlikltd.com\/en\/wp-json\/wp\/v2\/comments?post=1129"}],"version-history":[{"count":1,"href":"https:\/\/ankadanismanlikltd.com\/en\/wp-json\/wp\/v2\/posts\/1129\/revisions"}],"predecessor-version":[{"id":1130,"href":"https:\/\/ankadanismanlikltd.com\/en\/wp-json\/wp\/v2\/posts\/1129\/revisions\/1130"}],"wp:attachment":[{"href":"https:\/\/ankadanismanlikltd.com\/en\/wp-json\/wp\/v2\/media?parent=1129"}],"wp:term":[{"taxonomy":"category","embeddable":true,"href":"https:\/\/ankadanismanlikltd.com\/en\/wp-json\/wp\/v2\/categories?post=1129"},{"taxonomy":"post_tag","embeddable":true,"href":"https:\/\/ankadanismanlikltd.com\/en\/wp-json\/wp\/v2\/tags?post=1129"}],"curies":[{"name":"wp","href":"https:\/\/api.w.org\/{rel}","templated":true}]}}