{"id":59,"date":"2024-10-01T00:00:05","date_gmt":"2024-10-01T00:00:05","guid":{"rendered":"https:\/\/greenly-demo.pbminfotech.com\/elementor-datasite\/?p=8668"},"modified":"2024-10-08T18:20:57","modified_gmt":"2024-10-08T18:20:57","slug":"aft-arfintek","status":"publish","type":"post","link":"https:\/\/ankadanismanlikltd.com\/en\/2024\/10\/01\/aft-arfintek\/","title":{"rendered":"AFT ARF\u0130NTEK"},"content":{"rendered":"<div class=\"mceTemp\">\n\n<strong>Product Carbon Footprint,\u00a0<\/strong>It is the calculation of the total carbon amount throughout the life of the products from raw materials to recycling. Product carbon footprint is a remarkable issue in terms of evaluating the environmental impacts of products and paving the way for a healthier environment. Product carbon footprint, which has been addressed by many manufacturers and consumers in recent years, is also accepted as a responsibility for brands to recycle and protect the future of the environment. In this guide, what is product carbon footprint? How is product carbon footprint verification done?\u00a0<strong>Product carbon footprint calculation<\/strong>\u00a0You will be able to find answers to many questions such as how does it happen?\n\n<strong>What is Product Carbon Footprint?<\/strong>\n\n<strong>Product Carbon Footprint;<\/strong>\u00a0It is the name given to the carbon emissions caused by the extraction of a product's raw material, its production, its use, its transformation into waste, its conversion into raw material again from recycling or regular storage, and its conversion into energy.\u00a0<strong>ISO 14067 Product Carbon Footprint,\u00a0<\/strong>It is the calculation of carbon emissions resulting from production processes, transportation, use and recycling during the time the product spends from its initial raw material to recycled raw material.\n\n<strong>ISO 14067 Product Carbon Footprint,\u00a0<\/strong>It is the carbon emission caused by a product throughout its life cycle, including production, use, consumption, waste and recycling. Product carbon footprint is known as the most ideal detection method used to determine product-related climate impacts. Products have climate-related impacts throughout their life cycle, from raw material form to the moment the product is disposed of. Due to these situations, which are seen as greenhouse gas emissions, a product carbon footprint assessment is required. Within the scope of Product Carbon Footprint, it is aimed to define, analyze and reduce or, if possible, eliminate the environmental impacts of the product within the framework of appropriate measures.\n\n<strong>Product Carbon Footprint\u00a0<\/strong>as a related topic\u00a0<strong>Carbon Footprint\u00a0<\/strong>(CCF) also has an important place in the environmental impacts of the product. CCF, which includes the measures taken and studies carried out by the brand regarding the product, is controlled within the framework of certain norms and rules. In this context, important steps may be taken for the world aimed to be decarbonized by 2050. There are several standards developed in terms of adopting a transparent understanding regarding the greenhouse gas emissions of products. While the development of these standards continues, it is necessary to mention 3 basic standards accepted worldwide. The product carbon footprint standards in question are accepted as GHG Protocol, PAS 2050 and ISO 14067.\n\n<strong>What is the ISO 14067 Standard?\u00a0<\/strong>\n\nISO 14067 is a standard created by the International Standards Organization.\u00a0<strong>Product carbon footprint<\/strong>\u00a0konusunda y\u00fcksek olas\u0131l\u0131kla en yayg\u0131n kullan\u0131lan alternatiftir. \u0130klim de\u011fi\u015fikli\u011finin tek ba\u015f\u0131na bir etki kategorisi oldu\u011fundan hareketle denge s\u0131n\u0131rlar\u0131n\u0131n tan\u0131mlanmas\u0131nda \u00f6nemli bir yere sahiptir. Bu standard\u0131n geni\u015f kapsamda b\u00fct\u00fcn \u00fcr\u00fcnler i\u00e7in uygulanabiliyor olmas\u0131 ve \u015feffafl\u0131\u011f\u0131 sa\u011flamas\u0131 \u00e7ok yayg\u0131n tercih edilmesini sa\u011flar. \u0130lgili y\u00f6nerge ve gereksinimlere uygun hareket etmeyi sa\u011flarken kararlar, hedefler ve kapsam tan\u0131mlamas\u0131 ile veri toplama s\u00fcre\u00e7lerini de kontrol alt\u0131na almaktad\u0131r.\n\nISO 14067, \u00dcr\u00fcn karbon ayak izi kapsam\u0131nda yayg\u0131n olarak kullan\u0131lan kapsam ve s\u0131n\u0131rlamalar ile alakal\u0131 \u015fu detaylara dikkat etmek gerekir. \u0130\u015fletmeler ve t\u00fcketiciler a\u00e7\u0131s\u0131ndan de\u011feri olduk\u00e7a fazla olan karbon ayak izi kapsam\u0131nda pek \u00e7ok d\u00fczenleme getirilmektedir. S\u00f6z konusu ba\u011flamda \u015fu detaylar \u00f6ne \u00e7\u0131kmaktad\u0131r.\n\n<strong>Product carbon footprint\u00a0<\/strong>\u00a0The process refers to the stages that need to be taken into consideration within the scope of both national and international regulations. Especially for businesses that trade with EU countries, carbon footprint and life cycle assessment should be carried out in 3-month periods. This solution, which opens commercial doors to many countries, especially EU countries, also highlights many advantages among brands and institutions. Below, you can examine the advantages you can achieve with product carbon footprint assessments.\n<ul>\n \t<li>It is possible to achieve the potential for improvement in product quality,<\/li>\n \t<li>You can leave your competitors behind by gaining a competitive advantage,<\/li>\n \t<li>You can take risk management to a better level,<\/li>\n \t<li>You can create a more ideal brand image in the public,<\/li>\n \t<li>You can reach new business opportunities by increasing market share,<\/li>\n \t<li>You can make success sustainable with supply chain management.<\/li>\n<\/ul>\nT\u00fcm bu avantajlar\u0131 d\u00fc\u015f\u00fcn\u00fcld\u00fc\u011f\u00fcnde \u00fcr\u00fcn karbon ayak izi de\u011ferlendirmesi b\u00fcy\u00fcmek isteyen her marka a\u00e7\u0131s\u0131ndan olmazsa olmazlar aras\u0131nda yer alacakt\u0131r.\n\n\u00dcr\u00fcn Karbon ayak izi hesaplama hem bireysel hem de kurumsal \u00f6l\u00e7ekte mutlaka dikkat edilmesi gereken konulardan biri olarak kabul g\u00f6rmektedir. En basit ifadeyle yak\u0131t t\u00fcketimi ve emisyon fakt\u00f6r\u00fcn\u00fcn \u00e7arp\u0131lmas\u0131yla bulunan de\u011fer \u00fcr\u00fcnlere de uygulanabilmektedir. \u00dcr\u00fcn\u00fcn \u00fcretimden t\u00fcketime ve hatta yok edilmesine varan s\u00fcre\u00e7te b\u00fct\u00fcn emisyon kaynaklar\u0131 ve miktarlar\u0131 dikkate al\u0131nmaktad\u0131r. Bu do\u011frultuda hesaplamalar\u0131n do\u011fru bir \u015fekilde tamamlanmas\u0131 m\u00fcmk\u00fcnd\u00fcr.\u00a0\u00dcr\u00fcn karbon ayak izi hesaplamalar\u0131 genellikle profesyoneller taraf\u0131ndan yap\u0131ld\u0131\u011f\u0131nda do\u011fru sonu\u00e7lar vermektedir. Zira bu hesaplamalar \u00f6nlem almak amac\u0131yla birer \u00e7\u0131kt\u0131 olarak kabul g\u00f6rmektedir. Siz de bir marka ya da kurum olarak \u00fcr\u00fcn karbon ayak izi hesaplamalar\u0131n\u0131 profesyonellere devrederek s\u00fcrecin daha makul bir \u015fekilde ger\u00e7ekle\u015fmesine imk\u00e2n tan\u0131yabilirsiniz.\n\n<strong>What is ISO 14067 Certificate?<\/strong>\n\nISO 14067 Sera Gazlar\u0131 \u2013 \u00dcr\u00fcnlerin Karbon Ayak \u0130zi Hesaplama standard\u0131, bir \u00fcr\u00fcne ait sera gaz\u0131 emisyonlar\u0131n\u0131n karbondioksit gaz\u0131 e\u015fde\u011feri cinsinden hesaplanmas\u0131n\u0131 tan\u0131mlar. ISO 14067 standard\u0131 ile \u00fcr\u00fcnlerinize ait karbon ayak izi hesaplamalar\u0131n\u0131n nas\u0131l yap\u0131laca\u011f\u0131n\u0131, raporlamalar\u0131n neler i\u00e7ermesi gerekti\u011fini belirleyebilirsiniz. Standard\u0131n ISO taraf\u0131ndan yay\u0131nlanm\u0131\u015f olmas\u0131, uluslararas\u0131 bir y\u00f6ntem olarak kabul edildi\u011fini ifade eder. ISO 14067, \u201c\u00c7evresel etki de\u011ferlendirmesi \u2013 Karbon ayak izi \u2013 \u0130lkeler, gereksinimler ve y\u00f6nergeler\u201d standard\u0131d\u0131r. Bu standard\u0131n temel amac\u0131, organizasyonlar\u0131n \u00fcr\u00fcnlerinin karbon ayak izlerini \u00f6l\u00e7mesi, raporlamas\u0131 ve do\u011frulamas\u0131 i\u00e7in gereksinimleri belirlemektir. ISO 14067 \u00dcr\u00fcn Karbon Ayak \u0130zi Belgesi, bir i\u015fletmenin \u00fcretmi\u015f ya da piyasaya sunmu\u015f oldu\u011fu \u00fcr\u00fcn\/\u00fcr\u00fcnlerine ait sera gaz\u0131 emisyonlar\u0131n\u0131 g\u00f6sterir. ISO 14067 Belgesinde \u00fcr\u00fcn\u00fcn ya\u015fam d\u00f6ng\u00fcs\u00fc boyunca sebep oldu\u011fu 6 adet sera gaz\u0131n\u0131 ton cinsinden miktarlar\u0131 olarak yaz\u0131l\u0131r.\n\nISO 14067 \u00dcr\u00fcn Karbon Ayak \u0130zi Belgesi, Ulusal yada Uluslararas\u0131 Belgelendirme kurulu\u015flar\u0131n\u0131n denetimi ve do\u011frulama \u00e7al\u0131\u015fmalar\u0131 sonucunda i\u015fletmelere verilir. \u00dcr\u00fcn karbon ayak izi belgesi almak i\u00e7in i\u015fletmelerin \u00f6ncelikle \u00fcr\u00fcnlerine ait sera gaz\u0131 emisyonlar\u0131n\u0131 karbondioksit gaz\u0131 e\u015fde\u011ferinden hesaplamas\u0131, raporlamas\u0131 gerekmektedir. Hesaplama ve Raporlamalar\u0131n\u0131 ISO 14067 standard\u0131na uygun olarak ger\u00e7ekle\u015ftiren i\u015fletmeler, bir sonraki a\u015famada Belgelendirme \/ Do\u011frulama kurulu\u015flar\u0131na ba\u015fvuruda bulunurlar. Belgelendirme kurulu\u015flar\u0131 \u00fcr\u00fcn\u00fcn \u00fcretildi\u011fi tesise yerinde denetim ger\u00e7ekle\u015ftirir. Yap\u0131lan hesaplama ve raporlamalar\u0131n\u0131 ISO 14067 standard\u0131na uygun olarak denetler ve sonu\u00e7lar\u0131 uygun g\u00f6rmesi halinde do\u011frular. Do\u011frulama denetimi sonras\u0131nda ba\u015fvuruda bulunan i\u015fletmelere \u00dcr\u00fcn Karbon Ayak \u0130zi Belgesi verilir.\n\n<strong>What is PAS 2050?<\/strong>\n\nPAS 2050, temelleri 2008 y\u0131l\u0131nda \u0130ngiliz Standartlar\u0131 Enstit\u00fcs\u00fc taraf\u0131ndan yay\u0131nlanan standarda dayanmaktad\u0131r. 2011 y\u0131l\u0131nda \u00fcr\u00fcn ve hizmetlere y\u00f6nelik CO2 dengesinin \u00f6l\u00e7\u00fclmesi amac\u0131yla uluslararas\u0131 seviyede tutarl\u0131l\u0131\u011f\u0131 olan bir y\u00f6ntem sa\u011flanmak \u00fczere revizyonu tamamland\u0131. G\u00fcn\u00fcm\u00fczde PAS 2050 olarak bilinen standart, ulusal ve uluslararas\u0131 pek \u00e7ok sayg\u0131n \u015firketin uygulad\u0131\u011f\u0131 standartlar aras\u0131ndad\u0131r. Bu y\u00f6n\u00fcyle \u00fcr\u00fcn karbon ayak izi hesaplamalar\u0131 s\u00f6z konusu oldu\u011funda PAS 2050, s\u00f6z edilmesi gereken ilk fakt\u00f6rlerden bir tanesidir.\n\n\u00dcr\u00fcn Karbon Ayakizi Hesaplamalar\u0131 ve dan\u0131\u015fmanl\u0131k hizmetleri i\u00e7in ileti\u015fim b\u00f6l\u00fcm\u00fcnden bize ula\u015fabilirsiniz.\n\n<\/div>\n\n<figure class=\"wp-block-image size-full\"><img fetchpriority=\"high\" decoding=\"async\" width=\"750\" height=\"550\" class=\"wp-image-582\" src=\"https:\/\/ankadanismanlikltd.com\/wp-content\/uploads\/2019\/01\/lca-nedir.jpg\" alt=\"\" srcset=\"https:\/\/ankadanismanlikltd.com\/wp-content\/uploads\/2019\/01\/lca-nedir.jpg 750w, https:\/\/ankadanismanlikltd.com\/wp-content\/uploads\/2019\/01\/lca-nedir-300x220.jpg 300w\" sizes=\"(max-width: 750px) 100vw, 750px\" \/><\/figure>\n\n\nYa\u015fam d\u00f6ng\u00fcs\u00fc analizi, bir \u00fcr\u00fcn\u00fcn ya da hizmetin \u00e7evresel etkilerini, hammaddenin \u00e7\u0131kar\u0131lmas\u0131ndan ba\u015flayarak \u00fcretim, kullan\u0131m, son kullan\u0131m ve at\u0131k y\u00f6netimi a\u015famalar\u0131 dahil olmak \u00fczere t\u00fcm ya\u015fam d\u00f6ng\u00fcs\u00fc boyunca de\u011ferlendiren sistematik bir y\u00f6ntemdir. S\u00fcrd\u00fcr\u00fclebilirlik \u00e7al\u0131\u015fmalar\u0131nda kritik bir ara\u00e7 olarak kabul edilir. \u00c7\u00fcnk\u00fc \u00e7evresel etkiyi azaltma yollar\u0131n\u0131 belirlemeye yard\u0131mc\u0131 olur.\n\nYa\u015fam d\u00f6ng\u00fcs\u00fc analizi \u00fcr\u00fcnlerin t\u00fcm ya\u015fam d\u00f6ng\u00fcleri s\u00fcresince potansiyel \u00e7evresel etkilerinin sistematik olarak analiz edilmesini ifade eden bir kavramd\u0131r. S\u00f6z konusu de\u011ferlendirme kapsam\u0131nda \u00fcr\u00fcne dair \u00fcretim, da\u011f\u0131t\u0131m, kullan\u0131m ve kullan\u0131m \u00f6mr\u00fc sonu a\u015famalar\u0131 da dahil olmak \u00fczere pek \u00e7ok soru i\u015faretinin kar\u015f\u0131lanmas\u0131 s\u00f6z konusu olmaktad\u0131r.\n\nYukar\u0131 ak\u0131\u015f ve a\u015fa\u011f\u0131 ak\u0131\u015f s\u00fcre\u00e7lerini de pek \u00e7ok y\u00f6nden de\u011ferlendirme f\u0131rsat\u0131 sunan ya\u015fam d\u00f6ng\u00fcs\u00fc analizi kapsam\u0131nda \u00fcr\u00fcnlerin \u00e7evreye etkilerini daha titiz bir \u015fekilde ele almak m\u00fcmk\u00fcn olmaktad\u0131r. Ya\u015fam d\u00f6ng\u00fcs\u00fc analizleri \u00e7evreden gelen girdiler ile hava, su ve topra\u011fa ait emisyonlar\u0131 ifade eden bir s\u00fcrece i\u015faret eder. ISO taraf\u0131ndan belirlenen ISO 14040 ve ISO 14044 kapsam\u0131nda ya\u015fam d\u00f6ng\u00fcs\u00fc de\u011ferlendirmesi yapmaya y\u00f6nerge ve gereksinim sa\u011flar. Ge\u00e7mi\u015f 30 y\u0131lda git gide \u00f6nem kazanan bir se\u00e7enek olarak dikkat \u00e7eken ya\u015fam d\u00f6ng\u00fcs\u00fc analizi, ayn\u0131 zamanda \u00fcr\u00fcnlerin standartlar\u0131 noktas\u0131nda da fazlas\u0131yla \u00f6nem kazanan bir konu olmay\u0131 ba\u015farm\u0131\u015ft\u0131r.\n\n<strong>Benefits of Product Life Cycle Analysis<\/strong>\n\nWithin the scope of the evaluations carried out within the scope of the benefits of life cycle analysis, it is considered a very remarkable solution. Within the scope of this analysis, which covers the processes of the products from production to the final stage, it is possible to talk about many advantages for companies and service providers. When the benefits listed below are evaluated, life cycle analysis should be considered a very serious solution.\n<ul>\n \t<li>Encouraging demand for products with less environmental impact.<\/li>\n \t<li>Making evaluations within the scope of potential improvements and investments.<\/li>\n \t<li>Realizing optimization related to supply processes.<\/li>\n \t<li>Evaluating environmental impacts one by one at each stage of production processes.<\/li>\n \t<li>Comparing sustainability of products in manufacturing processes and making improvements.<\/li>\n \t<li>Measuring and managing various life cycle stages within the scope of sustainability of products.<\/li>\n \t<li>Determining environmental impacts related to life cycles of products.<\/li>\n \t<li>Preparing guiding sustainability plans and evaluating risks and potentials<\/li>\n<\/ul>\nThe aim of all these evaluations is to reach more reasonable solutions. When the meticulousness of the process and the necessity of completing it from a professional perspective are considered, the value of product life cycle analysis becomes clear.\n\n<strong>Advantages of Life Cycle Analysis<\/strong>\n\nIt should be stated that you can reach advantageous solutions in many aspects with life cycle analyses. In this context, what is important is that the life cycle continues in a more reasonable way and the targeted success is achieved with the analyses. It should not be forgotten that the following objectives should be taken into consideration within the scope of life cycle analyses.\n<ul>\n \t<li>Reducing resource consumption to more reasonable levels.<\/li>\n \t<li>Reducing the negative impacts caused by environmental emissions.<\/li>\n \t<li>Conducting studies to improve or develop social factors.<\/li>\n \t<li>Describe the positive connections between economic and environmental factors.<\/li>\n<\/ul>\nIn addition to all these purposes, the life cycle analysis application purposes are also considered to be among the elements that need to be taken into consideration. In this context, we will need to state that it is necessary to list the important issues as follows.\n<ul>\n \t<li>Product Impact Measurement<\/li>\n \t<li>Eco Labeling<\/li>\n \t<li>Determining Environmental Impacts<\/li>\n \t<li>Product Comparison Solutions<\/li>\n \t<li>Product Development and Improvement<\/li>\n \t<li>Strategic Planning<\/li>\n \t<li>Decision Making<\/li>\n \t<li>Marketing<\/li>\n<\/ul>\n<strong>How to Prepare a Life Cycle Analysis?<\/strong>\n\nLife Cycle Analysis is one of the alternatives that expresses a process and consists of many stages. In this context, it is possible to answer the question of how to conduct a life cycle analysis by taking into account the following steps.\n<ol>\n \t<li><strong>Raw Material Production:<\/strong>\u00a0Manufacturing of one or more raw materials required for product creation.<\/li>\n \t<li><strong>Production of Products or Services:<\/strong>\u00a0Manufacturing stages related to products or services.<\/li>\n \t<li><strong>Consumption \u2013 Usage:<\/strong>\u00a0The usage phase after the product reaches the customer.<\/li>\n \t<li><strong>Disposal:<\/strong>\u00a0Disposal processes when products are not recycled.<\/li>\n \t<li><strong>Recycle<\/strong>: The process of converting the product back into raw material form.<\/li>\n \t<li><strong>Transport:<\/strong>\u00a0Logistics stages of products and services, including intermediate processes.<\/li>\n<\/ol>\n<strong>Life Cycle Analysis Evaluation Steps<\/strong>\n\nWhile it is very valuable to make evaluations within the scope of life cycle analysis, what these stages are and what should be taken into consideration is also considered as a very important issue. It will be possible to achieve a successful result regarding the process by taking into account the steps that express different analyzes and stages.\n\n<strong>Goal and Scope Definitions<\/strong>\nTarget and Scope Definitions refer to defining the product to be evaluated and choosing a functional basis for comparison. Then, targets are determined, including purpose, application and target audience. In the final stage, it is also taken into consideration whether or not an examination is required within the scope of determining this target.\n\n<strong>Inventory Analysis<\/strong>\nInventory analysis refers to the compilation of data and the processing of all resources in the environment. The final inventory is the process of obtaining a list including all products, inputs and outputs.\n\n<strong>Impact Assessment<\/strong>\nThanks to the impact assessment, classifications are made within the framework of the potential impacts of resource use and emissions produced. In addition to the classification study carried out in terms of quantity, a part of the life cycle analysis study\u00a0<strong>It is also possible to make evaluations.<\/strong>\n\n<strong>Interpretation<\/strong>\nBilgiler; alaka d\u00fczeyi, kak\u0131lar, sa\u011flaml\u0131k, veri kalitesi ve s\u0131n\u0131rlamalar ba\u011flam\u0131nda tart\u0131\u015f\u0131lmaktad\u0131r. \u00dcr\u00fcn veya hizmetlere dair olumsuz etkilerin ortadan kald\u0131r\u0131lmas\u0131 ad\u0131na sistematik \u00e7al\u0131\u015fmalar\u0131n yap\u0131lmas\u0131 da hedeflenmektedir.\nYa\u015fam D\u00f6ng\u00fcs\u00fc Analizi kapsaml\u0131 bir s\u00fcre\u00e7 ve \u00e7ok \u00f6nemli a\u015famalar\u0131 i\u00e7eren \u00e7al\u0131\u015fmalar oldu\u011fundan bu s\u00fcreci bir profesyonel deste\u011fi ile tamamlamak fazlas\u0131yla \u00f6nemlidir. \u00d6zellikle de \u00fcr\u00fcn ve hizmetlerin \u00e7evresel etkilerini daha makul bir \u015fekilde de\u011ferlendirebilmek ad\u0131na titiz bir \u015fekilde hareket etmek en do\u011frusu olacakt\u0131r.\n\n\u00dcr\u00fcn Ya\u015fam D\u00f6ng\u00fcs\u00fc Analizi ve dan\u0131\u015fmanl\u0131k hizmetleri i\u00e7in ileti\u015fim b\u00f6l\u00fcm\u00fcnden bize ula\u015fabilirsiniz.","protected":false},"excerpt":{"rendered":"<p>Duis mollis, est non commodo luctus, nisi erat porttitor ligula, eget lacinia odio sem nec elit. Morbi leo risus, porta ac consectetur ac, vestibu lum at eros. Nulla vitae elit libero, a pharetra augue.<\/p>","protected":false},"author":1,"featured_media":678,"comment_status":"closed","ping_status":"closed","sticky":false,"template":"","format":"standard","meta":{"_acf_changed":false,"footnotes":""},"categories":[1],"tags":[3],"class_list":["post-59","post","type-post","status-publish","format-standard","has-post-thumbnail","hentry","category-anka-danismanlik","tag-energy"],"acf":[],"yoast_head":"<!-- This site is optimized with the Yoast SEO plugin v25.9 - https:\/\/yoast.com\/wordpress\/plugins\/seo\/ -->\n<title>AFT ARF\u0130NTEK - Anka Dan\u0131\u015fmanl\u0131k<\/title>\n<meta name=\"robots\" content=\"index, follow, max-snippet:-1, max-image-preview:large, max-video-preview:-1\" \/>\n<link rel=\"canonical\" href=\"http:\/\/ankadanismanlikltd.com\/en\/2024\/10\/01\/aft-arfintek\/\" \/>\n<meta property=\"og:locale\" content=\"en_US\" \/>\n<meta property=\"og:type\" content=\"article\" \/>\n<meta property=\"og:title\" content=\"AFT ARF\u0130NTEK - Anka Dan\u0131\u015fmanl\u0131k\" \/>\n<meta property=\"og:description\" content=\"Duis mollis, est non commodo luctus, nisi erat porttitor ligula, eget lacinia odio sem nec elit. Morbi leo risus, porta ac consectetur ac, vestibu lum at eros. Nulla vitae elit libero, a pharetra augue.\" \/>\n<meta property=\"og:url\" content=\"http:\/\/ankadanismanlikltd.com\/en\/2024\/10\/01\/aft-arfintek\/\" \/>\n<meta property=\"og:site_name\" content=\"Anka Dan\u0131\u015fmanl\u0131k\" \/>\n<meta property=\"article:publisher\" content=\"https:\/\/www.facebook.com\/ankadanismanlik\" \/>\n<meta property=\"article:published_time\" content=\"2024-10-01T00:00:05+00:00\" \/>\n<meta property=\"article:modified_time\" content=\"2024-10-08T18:20:57+00:00\" \/>\n<meta property=\"og:image\" content=\"http:\/\/ankadanismanlikltd.com\/wp-content\/uploads\/2019\/01\/aft-arfin.jpg\" \/>\n\t<meta property=\"og:image:width\" content=\"1200\" \/>\n\t<meta property=\"og:image:height\" content=\"800\" \/>\n\t<meta property=\"og:image:type\" content=\"image\/jpeg\" \/>\n<meta name=\"author\" content=\"admin\" \/>\n<meta name=\"twitter:card\" content=\"summary_large_image\" \/>\n<meta name=\"twitter:creator\" content=\"@ankaconsultancy\" \/>\n<meta name=\"twitter:site\" content=\"@ankaconsultancy\" \/>\n<meta name=\"twitter:label1\" content=\"Written by\" \/>\n\t<meta name=\"twitter:data1\" content=\"admin\" \/>\n\t<meta name=\"twitter:label2\" content=\"Est. reading time\" \/>\n\t<meta name=\"twitter:data2\" content=\"13 minutes\" \/>\n<script type=\"application\/ld+json\" class=\"yoast-schema-graph\">{\"@context\":\"https:\/\/schema.org\",\"@graph\":[{\"@type\":\"Article\",\"@id\":\"http:\/\/ankadanismanlikltd.com\/en\/2024\/10\/01\/aft-arfintek\/#article\",\"isPartOf\":{\"@id\":\"http:\/\/ankadanismanlikltd.com\/en\/2024\/10\/01\/aft-arfintek\/\"},\"author\":{\"name\":\"admin\",\"@id\":\"http:\/\/ankadanismanlikltd.com\/#\/schema\/person\/af4b4e0c8550280cb11a30565e7bb1be\"},\"headline\":\"AFT ARF\u0130NTEK\",\"datePublished\":\"2024-10-01T00:00:05+00:00\",\"dateModified\":\"2024-10-08T18:20:57+00:00\",\"mainEntityOfPage\":{\"@id\":\"http:\/\/ankadanismanlikltd.com\/en\/2024\/10\/01\/aft-arfintek\/\"},\"wordCount\":2698,\"publisher\":{\"@id\":\"http:\/\/ankadanismanlikltd.com\/#organization\"},\"image\":{\"@id\":\"http:\/\/ankadanismanlikltd.com\/en\/2024\/10\/01\/aft-arfintek\/#primaryimage\"},\"thumbnailUrl\":\"https:\/\/ankadanismanlikltd.com\/wp-content\/uploads\/2019\/01\/aft-arfin.jpg\",\"keywords\":[\"Energy\"],\"articleSection\":[\"Anka Dan\u0131\u015fmanl\u0131k\"],\"inLanguage\":\"en-US\"},{\"@type\":\"WebPage\",\"@id\":\"http:\/\/ankadanismanlikltd.com\/en\/2024\/10\/01\/aft-arfintek\/\",\"url\":\"http:\/\/ankadanismanlikltd.com\/en\/2024\/10\/01\/aft-arfintek\/\",\"name\":\"AFT ARF\u0130NTEK - Anka Dan\u0131\u015fmanl\u0131k\",\"isPartOf\":{\"@id\":\"http:\/\/ankadanismanlikltd.com\/#website\"},\"primaryImageOfPage\":{\"@id\":\"http:\/\/ankadanismanlikltd.com\/en\/2024\/10\/01\/aft-arfintek\/#primaryimage\"},\"image\":{\"@id\":\"http:\/\/ankadanismanlikltd.com\/en\/2024\/10\/01\/aft-arfintek\/#primaryimage\"},\"thumbnailUrl\":\"https:\/\/ankadanismanlikltd.com\/wp-content\/uploads\/2019\/01\/aft-arfin.jpg\",\"datePublished\":\"2024-10-01T00:00:05+00:00\",\"dateModified\":\"2024-10-08T18:20:57+00:00\",\"breadcrumb\":{\"@id\":\"http:\/\/ankadanismanlikltd.com\/en\/2024\/10\/01\/aft-arfintek\/#breadcrumb\"},\"inLanguage\":\"en-US\",\"potentialAction\":[{\"@type\":\"ReadAction\",\"target\":[\"http:\/\/ankadanismanlikltd.com\/en\/2024\/10\/01\/aft-arfintek\/\"]}]},{\"@type\":\"ImageObject\",\"inLanguage\":\"en-US\",\"@id\":\"http:\/\/ankadanismanlikltd.com\/en\/2024\/10\/01\/aft-arfintek\/#primaryimage\",\"url\":\"https:\/\/ankadanismanlikltd.com\/wp-content\/uploads\/2019\/01\/aft-arfin.jpg\",\"contentUrl\":\"https:\/\/ankadanismanlikltd.com\/wp-content\/uploads\/2019\/01\/aft-arfin.jpg\",\"width\":1200,\"height\":800},{\"@type\":\"BreadcrumbList\",\"@id\":\"http:\/\/ankadanismanlikltd.com\/en\/2024\/10\/01\/aft-arfintek\/#breadcrumb\",\"itemListElement\":[{\"@type\":\"ListItem\",\"position\":1,\"name\":\"Anasayfa\",\"item\":\"http:\/\/ankadanismanlikltd.com\/\"},{\"@type\":\"ListItem\",\"position\":2,\"name\":\"AFT ARF\u0130NTEK\"}]},{\"@type\":\"WebSite\",\"@id\":\"http:\/\/ankadanismanlikltd.com\/#website\",\"url\":\"http:\/\/ankadanismanlikltd.com\/\",\"name\":\"Anka Dan\u0131\u015fmanl\u0131k\",\"description\":\"\",\"publisher\":{\"@id\":\"http:\/\/ankadanismanlikltd.com\/#organization\"},\"potentialAction\":[{\"@type\":\"SearchAction\",\"target\":{\"@type\":\"EntryPoint\",\"urlTemplate\":\"http:\/\/ankadanismanlikltd.com\/?s={search_term_string}\"},\"query-input\":{\"@type\":\"PropertyValueSpecification\",\"valueRequired\":true,\"valueName\":\"search_term_string\"}}],\"inLanguage\":\"en-US\"},{\"@type\":\"Organization\",\"@id\":\"http:\/\/ankadanismanlikltd.com\/#organization\",\"name\":\"ANKA Dan\u0131\u015fmanl\u0131k\",\"url\":\"http:\/\/ankadanismanlikltd.com\/\",\"logo\":{\"@type\":\"ImageObject\",\"inLanguage\":\"en-US\",\"@id\":\"http:\/\/ankadanismanlikltd.com\/#\/schema\/logo\/image\/\",\"url\":\"https:\/\/ankadanismanlikltd.com\/wp-content\/uploads\/2025\/03\/yeni-logo.jpg\",\"contentUrl\":\"https:\/\/ankadanismanlikltd.com\/wp-content\/uploads\/2025\/03\/yeni-logo.jpg\",\"width\":623,\"height\":630,\"caption\":\"ANKA Dan\u0131\u015fmanl\u0131k\"},\"image\":{\"@id\":\"http:\/\/ankadanismanlikltd.com\/#\/schema\/logo\/image\/\"},\"sameAs\":[\"https:\/\/www.facebook.com\/ankadanismanlik\",\"https:\/\/x.com\/ankaconsultancy\",\"https:\/\/www.linkedin.com\/company\/ankadanismanlik\",\"https:\/\/www.youtube.com\/@ANKADanmanlk.official\",\"https:\/\/www.instagram.com\/ankadanismanlik.tr?igsh=MXZ6OXMyd3k2MW5zbA&utm_source=qr\"]},{\"@type\":\"Person\",\"@id\":\"http:\/\/ankadanismanlikltd.com\/#\/schema\/person\/af4b4e0c8550280cb11a30565e7bb1be\",\"name\":\"admin\",\"image\":{\"@type\":\"ImageObject\",\"inLanguage\":\"en-US\",\"@id\":\"http:\/\/ankadanismanlikltd.com\/#\/schema\/person\/image\/\",\"url\":\"https:\/\/secure.gravatar.com\/avatar\/c887dbcac8ba88419e4c2bec9e2e4bafc660e0d37f5c2e67d046b1fcb2d59d36?s=96&d=mm&r=g\",\"contentUrl\":\"https:\/\/secure.gravatar.com\/avatar\/c887dbcac8ba88419e4c2bec9e2e4bafc660e0d37f5c2e67d046b1fcb2d59d36?s=96&d=mm&r=g\",\"caption\":\"admin\"},\"sameAs\":[\"http:\/\/ankadanismanlikltd.com\"],\"url\":\"https:\/\/ankadanismanlikltd.com\/en\/author\/admin\/\"}]}<\/script>\n<!-- \/ Yoast SEO plugin. -->","yoast_head_json":{"title":"AFT ARF\u0130NTEK - Anka Dan\u0131\u015fmanl\u0131k","robots":{"index":"index","follow":"follow","max-snippet":"max-snippet:-1","max-image-preview":"max-image-preview:large","max-video-preview":"max-video-preview:-1"},"canonical":"http:\/\/ankadanismanlikltd.com\/en\/2024\/10\/01\/aft-arfintek\/","og_locale":"en_US","og_type":"article","og_title":"AFT ARF\u0130NTEK - Anka Dan\u0131\u015fmanl\u0131k","og_description":"Duis mollis, est non commodo luctus, nisi erat porttitor ligula, eget lacinia odio sem nec elit. Morbi leo risus, porta ac consectetur ac, vestibu lum at eros. Nulla vitae elit libero, a pharetra augue.","og_url":"http:\/\/ankadanismanlikltd.com\/en\/2024\/10\/01\/aft-arfintek\/","og_site_name":"Anka Dan\u0131\u015fmanl\u0131k","article_publisher":"https:\/\/www.facebook.com\/ankadanismanlik","article_published_time":"2024-10-01T00:00:05+00:00","article_modified_time":"2024-10-08T18:20:57+00:00","og_image":[{"width":1200,"height":800,"url":"http:\/\/ankadanismanlikltd.com\/wp-content\/uploads\/2019\/01\/aft-arfin.jpg","type":"image\/jpeg"}],"author":"admin","twitter_card":"summary_large_image","twitter_creator":"@ankaconsultancy","twitter_site":"@ankaconsultancy","twitter_misc":{"Written by":"admin","Est. reading time":"13 minutes"},"schema":{"@context":"https:\/\/schema.org","@graph":[{"@type":"Article","@id":"http:\/\/ankadanismanlikltd.com\/en\/2024\/10\/01\/aft-arfintek\/#article","isPartOf":{"@id":"http:\/\/ankadanismanlikltd.com\/en\/2024\/10\/01\/aft-arfintek\/"},"author":{"name":"admin","@id":"http:\/\/ankadanismanlikltd.com\/#\/schema\/person\/af4b4e0c8550280cb11a30565e7bb1be"},"headline":"AFT ARF\u0130NTEK","datePublished":"2024-10-01T00:00:05+00:00","dateModified":"2024-10-08T18:20:57+00:00","mainEntityOfPage":{"@id":"http:\/\/ankadanismanlikltd.com\/en\/2024\/10\/01\/aft-arfintek\/"},"wordCount":2698,"publisher":{"@id":"http:\/\/ankadanismanlikltd.com\/#organization"},"image":{"@id":"http:\/\/ankadanismanlikltd.com\/en\/2024\/10\/01\/aft-arfintek\/#primaryimage"},"thumbnailUrl":"https:\/\/ankadanismanlikltd.com\/wp-content\/uploads\/2019\/01\/aft-arfin.jpg","keywords":["Energy"],"articleSection":["Anka Dan\u0131\u015fmanl\u0131k"],"inLanguage":"en-US"},{"@type":"WebPage","@id":"http:\/\/ankadanismanlikltd.com\/en\/2024\/10\/01\/aft-arfintek\/","url":"http:\/\/ankadanismanlikltd.com\/en\/2024\/10\/01\/aft-arfintek\/","name":"AFT ARF\u0130NTEK - Anka Dan\u0131\u015fmanl\u0131k","isPartOf":{"@id":"http:\/\/ankadanismanlikltd.com\/#website"},"primaryImageOfPage":{"@id":"http:\/\/ankadanismanlikltd.com\/en\/2024\/10\/01\/aft-arfintek\/#primaryimage"},"image":{"@id":"http:\/\/ankadanismanlikltd.com\/en\/2024\/10\/01\/aft-arfintek\/#primaryimage"},"thumbnailUrl":"https:\/\/ankadanismanlikltd.com\/wp-content\/uploads\/2019\/01\/aft-arfin.jpg","datePublished":"2024-10-01T00:00:05+00:00","dateModified":"2024-10-08T18:20:57+00:00","breadcrumb":{"@id":"http:\/\/ankadanismanlikltd.com\/en\/2024\/10\/01\/aft-arfintek\/#breadcrumb"},"inLanguage":"en-US","potentialAction":[{"@type":"ReadAction","target":["http:\/\/ankadanismanlikltd.com\/en\/2024\/10\/01\/aft-arfintek\/"]}]},{"@type":"ImageObject","inLanguage":"en-US","@id":"http:\/\/ankadanismanlikltd.com\/en\/2024\/10\/01\/aft-arfintek\/#primaryimage","url":"https:\/\/ankadanismanlikltd.com\/wp-content\/uploads\/2019\/01\/aft-arfin.jpg","contentUrl":"https:\/\/ankadanismanlikltd.com\/wp-content\/uploads\/2019\/01\/aft-arfin.jpg","width":1200,"height":800},{"@type":"BreadcrumbList","@id":"http:\/\/ankadanismanlikltd.com\/en\/2024\/10\/01\/aft-arfintek\/#breadcrumb","itemListElement":[{"@type":"ListItem","position":1,"name":"Anasayfa","item":"http:\/\/ankadanismanlikltd.com\/"},{"@type":"ListItem","position":2,"name":"AFT ARF\u0130NTEK"}]},{"@type":"WebSite","@id":"http:\/\/ankadanismanlikltd.com\/#website","url":"http:\/\/ankadanismanlikltd.com\/","name":"Anka Dan\u0131\u015fmanl\u0131k","description":"","publisher":{"@id":"http:\/\/ankadanismanlikltd.com\/#organization"},"potentialAction":[{"@type":"SearchAction","target":{"@type":"EntryPoint","urlTemplate":"http:\/\/ankadanismanlikltd.com\/?s={search_term_string}"},"query-input":{"@type":"PropertyValueSpecification","valueRequired":true,"valueName":"search_term_string"}}],"inLanguage":"en-US"},{"@type":"Organization","@id":"http:\/\/ankadanismanlikltd.com\/#organization","name":"ANKA Dan\u0131\u015fmanl\u0131k","url":"http:\/\/ankadanismanlikltd.com\/","logo":{"@type":"ImageObject","inLanguage":"en-US","@id":"http:\/\/ankadanismanlikltd.com\/#\/schema\/logo\/image\/","url":"https:\/\/ankadanismanlikltd.com\/wp-content\/uploads\/2025\/03\/yeni-logo.jpg","contentUrl":"https:\/\/ankadanismanlikltd.com\/wp-content\/uploads\/2025\/03\/yeni-logo.jpg","width":623,"height":630,"caption":"ANKA Dan\u0131\u015fmanl\u0131k"},"image":{"@id":"http:\/\/ankadanismanlikltd.com\/#\/schema\/logo\/image\/"},"sameAs":["https:\/\/www.facebook.com\/ankadanismanlik","https:\/\/x.com\/ankaconsultancy","https:\/\/www.linkedin.com\/company\/ankadanismanlik","https:\/\/www.youtube.com\/@ANKADanmanlk.official","https:\/\/www.instagram.com\/ankadanismanlik.tr?igsh=MXZ6OXMyd3k2MW5zbA&utm_source=qr"]},{"@type":"Person","@id":"http:\/\/ankadanismanlikltd.com\/#\/schema\/person\/af4b4e0c8550280cb11a30565e7bb1be","name":"admin","image":{"@type":"ImageObject","inLanguage":"en-US","@id":"http:\/\/ankadanismanlikltd.com\/#\/schema\/person\/image\/","url":"https:\/\/secure.gravatar.com\/avatar\/c887dbcac8ba88419e4c2bec9e2e4bafc660e0d37f5c2e67d046b1fcb2d59d36?s=96&d=mm&r=g","contentUrl":"https:\/\/secure.gravatar.com\/avatar\/c887dbcac8ba88419e4c2bec9e2e4bafc660e0d37f5c2e67d046b1fcb2d59d36?s=96&d=mm&r=g","caption":"admin"},"sameAs":["http:\/\/ankadanismanlikltd.com"],"url":"https:\/\/ankadanismanlikltd.com\/en\/author\/admin\/"}]}},"_links":{"self":[{"href":"https:\/\/ankadanismanlikltd.com\/en\/wp-json\/wp\/v2\/posts\/59","targetHints":{"allow":["GET"]}}],"collection":[{"href":"https:\/\/ankadanismanlikltd.com\/en\/wp-json\/wp\/v2\/posts"}],"about":[{"href":"https:\/\/ankadanismanlikltd.com\/en\/wp-json\/wp\/v2\/types\/post"}],"author":[{"embeddable":true,"href":"https:\/\/ankadanismanlikltd.com\/en\/wp-json\/wp\/v2\/users\/1"}],"replies":[{"embeddable":true,"href":"https:\/\/ankadanismanlikltd.com\/en\/wp-json\/wp\/v2\/comments?post=59"}],"version-history":[{"count":3,"href":"https:\/\/ankadanismanlikltd.com\/en\/wp-json\/wp\/v2\/posts\/59\/revisions"}],"predecessor-version":[{"id":687,"href":"https:\/\/ankadanismanlikltd.com\/en\/wp-json\/wp\/v2\/posts\/59\/revisions\/687"}],"wp:featuredmedia":[{"embeddable":true,"href":"https:\/\/ankadanismanlikltd.com\/en\/wp-json\/wp\/v2\/media\/678"}],"wp:attachment":[{"href":"https:\/\/ankadanismanlikltd.com\/en\/wp-json\/wp\/v2\/media?parent=59"}],"wp:term":[{"taxonomy":"category","embeddable":true,"href":"https:\/\/ankadanismanlikltd.com\/en\/wp-json\/wp\/v2\/categories?post=59"},{"taxonomy":"post_tag","embeddable":true,"href":"https:\/\/ankadanismanlikltd.com\/en\/wp-json\/wp\/v2\/tags?post=59"}],"curies":[{"name":"wp","href":"https:\/\/api.w.org\/{rel}","templated":true}]}}